{"id":1166,"date":"2023-05-04T14:02:29","date_gmt":"2023-05-04T13:02:29","guid":{"rendered":"https:\/\/laboretxingudi.eus\/gertutasuneko-elikagaiak-02\/"},"modified":"2023-05-12T08:28:34","modified_gmt":"2023-05-12T07:28:34","slug":"alimentos-de-cercania-02","status":"publish","type":"post","link":"https:\/\/laboretxingudi.eus\/es\/alimentos-de-cercania-02\/","title":{"rendered":"ALIMENTOS DE CERCAN\u00cdA 02"},"content":{"rendered":"<p>[et_pb_section fb_built=\u00bb1&#8243; _builder_version=\u00bb4.21.0&#8243; _module_preset=\u00bbdefault\u00bb custom_padding=\u00bb||3px|||\u00bb global_colors_info=\u00bb{}\u00bb][et_pb_row _builder_version=\u00bb4.21.0&#8243; _module_preset=\u00bbdefault\u00bb width_tablet=\u00bb\u00bb width_phone=\u00bb90%\u00bb width_last_edited=\u00bbon|phone\u00bb global_colors_info=\u00bb{}\u00bb][et_pb_column type=\u00bb4_4&#8243; _builder_version=\u00bb4.21.0&#8243; _module_preset=\u00bbdefault\u00bb global_colors_info=\u00bb{}\u00bb][et_pb_text _builder_version=\u00bb4.21.0&#8243; _module_preset=\u00bbdefault\u00bb header_font=\u00bb|700|||||||\u00bb header_text_align=\u00bbcenter\u00bb header_text_color=\u00bb#d10000&#8243; global_colors_info=\u00bb{}\u00bb header_font_size_phone=\u00bb25px\u00bb header_font_size_last_edited=\u00bbon|phone\u00bb]<\/p>\n<h1><strong>AGRICULTURA ECOL\u00d3GICA O BIOL\u00d3GICA<\/strong><\/h1>\n<p>[\/et_pb_text][et_pb_text _builder_version=\u00bb4.21.0&#8243; _module_preset=\u00bbdefault\u00bb text_font_size_tablet=\u00bb\u00bb text_font_size_phone=\u00bb16px\u00bb text_font_size_last_edited=\u00bbon|phone\u00bb global_colors_info=\u00bb{}\u00bb]<\/p>\n<p style=\"text-align: justify;\"><b>Vivimos gracias a lo que da la tierra, por eso es nuestra responsabilidad cuidar de ella.<\/b><br \/>Centr\u00e9monos en nuestra alimentaci\u00f3n, es decir, en lo que comemos. Lo que damos y ofrecemos a la tierra ser\u00e1 lo que m\u00e1s tarde formar\u00e1 parte de nuestra alimentaci\u00f3n. Y aquello que comemos es lo repercute en nuestro cuerpo, nutrici\u00f3n y salud.<\/p>\n<p style=\"text-align: justify;\">Los seres humanos podemos ser buenos o malos organizadores en la relaci\u00f3n con el medio ambiente. Respecto a la naturaleza somos capaces de hacer las cosas mal, bien o muy bien.\u00a0<\/p>\n<p><b>La agricultura biol\u00f3gica busca el uso racional de los recursos naturales para no perder el objetivo de mantener y mejorar la fertilidad de la tierra en el tiempo.<\/b> De esta forma <b>se produce sin contaminar los alimentos ni el medio ambiente<\/b> utilizando diferentes t\u00e9cnicas y sin utilizar productos de origen qu\u00edmico. Por eso, para una organizaci\u00f3n adecuada, es imprescindible tomar conciencia de c\u00f3mo funciona la naturaleza misma. <b>La producci\u00f3n ecol\u00f3gica se basa en mantener el equilibrio de la biodiversidad<\/b> porque tiene en cuenta las formas propias de afrontar los problemas que tiene la naturaleza. Adem\u00e1s, este modelo de producci\u00f3n se basa en garantizar el bienestar de los animales.<\/p>\n<p>[\/et_pb_text][\/et_pb_column][\/et_pb_row][\/et_pb_section][et_pb_section fb_built=\u00bb1&#8243; use_custom_gutter=\u00bbon\u00bb gutter_width=\u00bb1&#8243; specialty=\u00bbon\u00bb padding_top_1=\u00bb0px\u00bb padding_top_2=\u00bb0px\u00bb padding_bottom_1=\u00bb0px\u00bb padding_top_bottom_link_2=\u00bbfalse\u00bb padding_left_right_link_2=\u00bbfalse\u00bb admin_label=\u00bbImage Gallery Section\u00bb module_class=\u00bb et_pb_specialty_fullwidth\u00bb _builder_version=\u00bb4.21.0&#8243; width=\u00bb80%\u00bb width_tablet=\u00bb80%\u00bb width_phone=\u00bb100%\u00bb width_last_edited=\u00bbon|phone\u00bb max_width=\u00bb1080px\u00bb module_alignment=\u00bbcenter\u00bb inner_width=\u00bb100%\u00bb inner_width_tablet=\u00bb100%\u00bb inner_width_phone=\u00bb100%\u00bb inner_width_last_edited=\u00bbon|desktop\u00bb inner_max_width=\u00bb100%\u00bb inner_max_width_tablet=\u00bb100%\u00bb inner_max_width_phone=\u00bb100%\u00bb inner_max_width_last_edited=\u00bbon|desktop\u00bb custom_margin=\u00bb||||false|false\u00bb custom_padding=\u00bb0px||0px||false|false\u00bb make_fullwidth=\u00bbon\u00bb locked=\u00bboff\u00bb collapsed=\u00bboff\u00bb global_colors_info=\u00bb{}\u00bb][et_pb_column type=\u00bb1_2&#8243; _builder_version=\u00bb4.16&#8243; custom_padding=\u00bb|||\u00bb global_colors_info=\u00bb{}\u00bb custom_padding__hover=\u00bb|||\u00bb][et_pb_image src=\u00bbhttps:\/\/laboretxingudi.eus\/wp-content\/uploads\/2023\/05\/GGE0295_web.jpg\u00bb title_text=\u00bb_GGE0295_web\u00bb show_in_lightbox=\u00bbon\u00bb use_overlay=\u00bbon\u00bb overlay_icon_color=\u00bb#ffffff\u00bb hover_overlay_color=\u00bbrgba(0,0,0,0.3)\u00bb hover_icon=\u00bb&#x30;||divi||400&#8243; force_fullwidth=\u00bbon\u00bb align_tablet=\u00bbcenter\u00bb align_phone=\u00bb\u00bb align_last_edited=\u00bbon|desktop\u00bb _builder_version=\u00bb4.21.0&#8243; custom_margin=\u00bb|||\u00bb box_shadow_style=\u00bbpreset7&#8243; box_shadow_horizontal=\u00bb0px\u00bb box_shadow_vertical=\u00bb0px\u00bb box_shadow_spread=\u00bb8px\u00bb box_shadow_color=\u00bb#ffffff\u00bb locked=\u00bboff\u00bb global_colors_info=\u00bb{}\u00bb][\/et_pb_image][\/et_pb_column][et_pb_column type=\u00bb1_2&#8243; specialty_columns=\u00bb2&#8243; _builder_version=\u00bb4.16&#8243; custom_padding=\u00bb|||\u00bb global_colors_info=\u00bb{}\u00bb custom_padding__hover=\u00bb|||\u00bb][et_pb_row_inner _builder_version=\u00bb4.16&#8243; custom_padding=\u00bb0px|0px|0px|0px\u00bb global_colors_info=\u00bb{}\u00bb][et_pb_column_inner saved_specialty_column_type=\u00bb1_2&#8243; _builder_version=\u00bb4.16&#8243; custom_padding=\u00bb|||\u00bb global_colors_info=\u00bb{}\u00bb custom_padding__hover=\u00bb|||\u00bb][et_pb_image src=\u00bbhttps:\/\/laboretxingudi.eus\/wp-content\/uploads\/2023\/05\/GG2305040044_web.jpg\u00bb title_text=\u00bbGG2305040044_web\u00bb show_in_lightbox=\u00bbon\u00bb use_overlay=\u00bbon\u00bb overlay_icon_color=\u00bb#ffffff\u00bb hover_overlay_color=\u00bbrgba(0,0,0,0.3)\u00bb hover_icon=\u00bb&#x30;||divi||400&#8243; force_fullwidth=\u00bbon\u00bb align_tablet=\u00bbcenter\u00bb align_phone=\u00bb\u00bb align_last_edited=\u00bbon|desktop\u00bb _builder_version=\u00bb4.21.0&#8243; custom_margin=\u00bb|||\u00bb box_shadow_style=\u00bbpreset7&#8243; box_shadow_horizontal=\u00bb0px\u00bb box_shadow_vertical=\u00bb0px\u00bb box_shadow_spread=\u00bb8px\u00bb box_shadow_color=\u00bb#ffffff\u00bb locked=\u00bboff\u00bb global_colors_info=\u00bb{}\u00bb][\/et_pb_image][\/et_pb_column_inner][\/et_pb_row_inner][et_pb_row_inner column_structure=\u00bb1_2,1_2&#8243; use_custom_gutter=\u00bbon\u00bb gutter_width=\u00bb1&#8243; _builder_version=\u00bb4.16&#8243; custom_padding=\u00bb0px|0px|0px|0px\u00bb global_colors_info=\u00bb{}\u00bb][et_pb_column_inner type=\u00bb1_2&#8243; saved_specialty_column_type=\u00bb1_2&#8243; _builder_version=\u00bb4.16&#8243; custom_padding=\u00bb|||\u00bb global_colors_info=\u00bb{}\u00bb custom_padding__hover=\u00bb|||\u00bb][et_pb_image src=\u00bbhttps:\/\/laboretxingudi.eus\/wp-content\/uploads\/2023\/05\/GG220910002-scaled.jpg\u00bb title_text=\u00bb(Gari Garaialde \/ Bostok Photo)\u00bb show_in_lightbox=\u00bbon\u00bb use_overlay=\u00bbon\u00bb overlay_icon_color=\u00bb#ffffff\u00bb hover_overlay_color=\u00bbrgba(0,0,0,0.3)\u00bb hover_icon=\u00bb&#x30;||divi||400&#8243; force_fullwidth=\u00bbon\u00bb align_tablet=\u00bbcenter\u00bb align_phone=\u00bb\u00bb align_last_edited=\u00bbon|desktop\u00bb _builder_version=\u00bb4.21.0&#8243; custom_margin=\u00bb|||\u00bb box_shadow_style=\u00bbpreset7&#8243; box_shadow_horizontal=\u00bb0px\u00bb box_shadow_vertical=\u00bb0px\u00bb box_shadow_spread=\u00bb8px\u00bb box_shadow_color=\u00bb#ffffff\u00bb locked=\u00bboff\u00bb global_colors_info=\u00bb{}\u00bb][\/et_pb_image][\/et_pb_column_inner][et_pb_column_inner type=\u00bb1_2&#8243; saved_specialty_column_type=\u00bb1_2&#8243; _builder_version=\u00bb4.16&#8243; custom_padding=\u00bb|||\u00bb global_colors_info=\u00bb{}\u00bb custom_padding__hover=\u00bb|||\u00bb][et_pb_image src=\u00bbhttps:\/\/laboretxingudi.eus\/wp-content\/uploads\/2023\/05\/GGE0301-scaled.jpg\u00bb title_text=\u00bb_GGE0301&#8243; show_in_lightbox=\u00bbon\u00bb use_overlay=\u00bbon\u00bb overlay_icon_color=\u00bb#ffffff\u00bb hover_overlay_color=\u00bbrgba(0,0,0,0.3)\u00bb hover_icon=\u00bb&#x30;||divi||400&#8243; force_fullwidth=\u00bbon\u00bb align_tablet=\u00bbcenter\u00bb align_phone=\u00bb\u00bb align_last_edited=\u00bbon|desktop\u00bb _builder_version=\u00bb4.21.0&#8243; custom_margin=\u00bb|||\u00bb box_shadow_style=\u00bbpreset7&#8243; box_shadow_horizontal=\u00bb0px\u00bb box_shadow_vertical=\u00bb0px\u00bb box_shadow_spread=\u00bb8px\u00bb box_shadow_color=\u00bb#ffffff\u00bb locked=\u00bboff\u00bb global_colors_info=\u00bb{}\u00bb][\/et_pb_image][\/et_pb_column_inner][\/et_pb_row_inner][\/et_pb_column][\/et_pb_section][et_pb_section fb_built=\u00bb1&#8243; _builder_version=\u00bb4.21.0&#8243; _module_preset=\u00bbdefault\u00bb custom_padding=\u00bb3px||0px|||\u00bb global_colors_info=\u00bb{}\u00bb][et_pb_row _builder_version=\u00bb4.21.0&#8243; _module_preset=\u00bbdefault\u00bb width_tablet=\u00bb\u00bb width_phone=\u00bb90%\u00bb width_last_edited=\u00bbon|phone\u00bb global_colors_info=\u00bb{}\u00bb][et_pb_column type=\u00bb4_4&#8243; _builder_version=\u00bb4.21.0&#8243; _module_preset=\u00bbdefault\u00bb global_colors_info=\u00bb{}\u00bb][et_pb_text _builder_version=\u00bb4.21.0&#8243; _module_preset=\u00bbdefault\u00bb text_font=\u00bbDFPOP1||||||||\u00bb text_text_color=\u00bb#003884&#8243; text_font_size_tablet=\u00bb\u00bb text_font_size_phone=\u00bb16px\u00bb text_font_size_last_edited=\u00bbon|phone\u00bb global_colors_info=\u00bb{}\u00bb]<\/p>\n<p style=\"text-align: justify;\"><strong>\u00bfSABES CU\u00c1L ES LA DIFERENCIA ENTRE PRODUCCI\u00d3N ECOL\u00d3GICA, BIOL\u00d3GICA Y ORG\u00c1NICA?<br \/><\/strong><\/p>\n<p style=\"text-align: justify;\"><strong>\u00a1Ninguna! En todos los casos estamos hablando de la misma idea. Seg\u00fan el idioma se utiliza m\u00e1s una palabra determinada u otra. Org\u00e1nico en ingl\u00e9s, biol\u00f3gico en franc\u00e9s y ecol\u00f3gico en castellano.<\/strong><\/p>\n<p style=\"text-align: justify;\"><strong>\u00bfCu\u00e1l crees que utilizamos en euskera?<\/strong><\/p>\n<p>[\/et_pb_text][et_pb_button button_url=\u00bbhttps:\/\/laboretxingudi.eus\/es\/alimentos-de-cercania-03\/\u00bb button_text=\u00bbIr al siguiente panel\u00bb button_alignment=\u00bbcenter\u00bb _builder_version=\u00bb4.21.0&#8243; _module_preset=\u00bbdefault\u00bb custom_button=\u00bbon\u00bb button_text_color=\u00bb#B4B945&#8243; background_layout=\u00bbdark\u00bb locked=\u00bboff\u00bb global_colors_info=\u00bb{}\u00bb][\/et_pb_button][\/et_pb_column][\/et_pb_row][\/et_pb_section][et_pb_section fb_built=\u00bb1&#8243; _builder_version=\u00bb4.21.0&#8243; _module_preset=\u00bbdefault\u00bb custom_padding=\u00bb0px|||||\u00bb locked=\u00bboff\u00bb global_colors_info=\u00bb{}\u00bb][et_pb_row _builder_version=\u00bb4.21.0&#8243; _module_preset=\u00bbdefault\u00bb custom_padding=\u00bb||4px|||\u00bb global_colors_info=\u00bb{}\u00bb][et_pb_column type=\u00bb4_4&#8243; _builder_version=\u00bb4.21.0&#8243; _module_preset=\u00bbdefault\u00bb global_colors_info=\u00bb{}\u00bb][et_pb_text _builder_version=\u00bb4.21.0&#8243; _module_preset=\u00bbdefault\u00bb header_font=\u00bbGotham Book||||||||\u00bb header_text_color=\u00bb#4ea62b\u00bb header_font_size=\u00bb55px\u00bb header_font_size_tablet=\u00bb31px\u00bb header_font_size_phone=\u00bb31px\u00bb header_font_size_last_edited=\u00bbon|tablet\u00bb global_colors_info=\u00bb{}\u00bb]<\/p>\n<h1 style=\"text-align: center;\">BIDASOA TXINGUDIKO ELIKAGAIAK<\/h1>\n<p>[\/et_pb_text][\/et_pb_column][\/et_pb_row][et_pb_row column_structure=\u00bb1_4,1_4,1_4,1_4&#8243; _builder_version=\u00bb4.21.0&#8243; _module_preset=\u00bbdefault\u00bb width_tablet=\u00bb100%\u00bb width_phone=\u00bb100%\u00bb width_last_edited=\u00bbon|tablet\u00bb global_colors_info=\u00bb{}\u00bb][et_pb_column type=\u00bb1_4&#8243; _builder_version=\u00bb4.21.0&#8243; _module_preset=\u00bbdefault\u00bb global_colors_info=\u00bb{}\u00bb][et_pb_image src=\u00bbhttps:\/\/laboretxingudi.eus\/wp-content\/uploads\/2020\/12\/Logotipo_LT-4-e1607604812836.png\u00bb title_text=\u00bbLogotipo_LT 4&#8243; align=\u00bbcenter\u00bb align_tablet=\u00bbcenter\u00bb align_phone=\u00bbcenter\u00bb align_last_edited=\u00bbon|tablet\u00bb _builder_version=\u00bb4.21.0&#8243; _module_preset=\u00bbdefault\u00bb max_width_tablet=\u00bb160px\u00bb max_width_phone=\u00bb160px\u00bb max_width_last_edited=\u00bbon|tablet\u00bb max_height=\u00bb150px\u00bb max_height_tablet=\u00bb75px\u00bb max_height_phone=\u00bb75px\u00bb max_height_last_edited=\u00bbon|desktop\u00bb custom_margin=\u00bb||||false|false\u00bb custom_margin_tablet=\u00bb|0px|||false|false\u00bb custom_margin_phone=\u00bb||||false|false\u00bb custom_margin_last_edited=\u00bboff|phone\u00bb custom_padding=\u00bb||||false|false\u00bb custom_padding_tablet=\u00bb|0px|||false|false\u00bb custom_padding_phone=\u00bb||||false|false\u00bb custom_padding_last_edited=\u00bboff|phone\u00bb global_colors_info=\u00bb{}\u00bb][\/et_pb_image][\/et_pb_column][et_pb_column type=\u00bb1_4&#8243; _builder_version=\u00bb4.21.0&#8243; _module_preset=\u00bbdefault\u00bb global_colors_info=\u00bb{}\u00bb][et_pb_image src=\u00bbhttps:\/\/laboretxingudi.eus\/wp-content\/uploads\/2020\/02\/Km0.png\u00bb title_text=\u00bbKm0&#8243; align=\u00bbcenter\u00bb align_tablet=\u00bbcenter\u00bb align_phone=\u00bbcenter\u00bb align_last_edited=\u00bbon|tablet\u00bb _builder_version=\u00bb4.21.0&#8243; _module_preset=\u00bbdefault\u00bb max_width_tablet=\u00bb160px\u00bb max_width_phone=\u00bb160px\u00bb max_width_last_edited=\u00bbon|tablet\u00bb max_height=\u00bb150px\u00bb max_height_tablet=\u00bb75px\u00bb max_height_phone=\u00bb75px\u00bb max_height_last_edited=\u00bbon|desktop\u00bb custom_margin=\u00bb||||false|false\u00bb custom_margin_last_edited=\u00bboff|phone\u00bb custom_padding=\u00bb||||false|false\u00bb custom_padding_last_edited=\u00bboff|phone\u00bb global_colors_info=\u00bb{}\u00bb][\/et_pb_image][\/et_pb_column][et_pb_column type=\u00bb1_4&#8243; _builder_version=\u00bb4.21.0&#8243; _module_preset=\u00bbdefault\u00bb global_colors_info=\u00bb{}\u00bb][et_pb_image src=\u00bbhttps:\/\/laboretxingudi.eus\/wp-content\/uploads\/2023\/05\/HendaiaKoop.png\u00bb title_text=\u00bbHendaiaKoop\u00bb align=\u00bbcenter\u00bb align_tablet=\u00bbcenter\u00bb align_phone=\u00bbcenter\u00bb align_last_edited=\u00bbon|tablet\u00bb _builder_version=\u00bb4.21.0&#8243; _module_preset=\u00bbdefault\u00bb max_width_tablet=\u00bb160px\u00bb max_width_phone=\u00bb160px\u00bb max_width_last_edited=\u00bbon|tablet\u00bb max_height=\u00bb150px\u00bb max_height_tablet=\u00bb75px\u00bb max_height_phone=\u00bb75px\u00bb max_height_last_edited=\u00bbon|desktop\u00bb custom_margin=\u00bb||||false|false\u00bb custom_padding=\u00bb||||false|false\u00bb global_colors_info=\u00bb{}\u00bb][\/et_pb_image][\/et_pb_column][et_pb_column type=\u00bb1_4&#8243; _builder_version=\u00bb4.21.0&#8243; _module_preset=\u00bbdefault\u00bb global_colors_info=\u00bb{}\u00bb][et_pb_image src=\u00bbhttps:\/\/laboretxingudi.eus\/wp-content\/uploads\/2023\/05\/IDEIAIK-LOGO4.jpg\u00bb title_text=\u00bbIDEIAIK-LOGO4&#8243; align=\u00bbcenter\u00bb _builder_version=\u00bb4.21.0&#8243; _module_preset=\u00bbdefault\u00bb max_width_tablet=\u00bb160px\u00bb max_width_phone=\u00bb160px\u00bb max_width_last_edited=\u00bbon|tablet\u00bb max_height=\u00bb150px\u00bb max_height_tablet=\u00bb75px\u00bb max_height_phone=\u00bb75px\u00bb max_height_last_edited=\u00bbon|desktop\u00bb custom_margin=\u00bb30px||||false|false\u00bb custom_margin_tablet=\u00bb7px|||0px|false|false\u00bb custom_margin_last_edited=\u00bboff|phone\u00bb custom_padding=\u00bb||||false|false\u00bb global_colors_info=\u00bb{}\u00bb][\/et_pb_image][\/et_pb_column][\/et_pb_row][\/et_pb_section]<\/p>\n","protected":false},"excerpt":{"rendered":"<p>AGRICULTURA ECOL\u00d3GICA O BIOL\u00d3GICAVivimos gracias a lo que da la tierra, por eso es nuestra responsabilidad cuidar de ella.Centr\u00e9monos en nuestra alimentaci\u00f3n, es decir, en lo que comemos. Lo que damos y ofrecemos a la tierra ser\u00e1 lo que m\u00e1s tarde formar\u00e1 parte de nuestra alimentaci\u00f3n. Y aquello que comemos es lo repercute en nuestro [&hellip;]<\/p>\n","protected":false},"author":1,"featured_media":0,"comment_status":"closed","ping_status":"open","sticky":false,"template":"","format":"standard","meta":{"_et_pb_use_builder":"on","_et_pb_old_content":"","_et_gb_content_width":"","footnotes":""},"categories":[5],"tags":[],"class_list":["post-1166","post","type-post","status-publish","format-standard","hentry","category-sin-categorizar"],"_links":{"self":[{"href":"https:\/\/laboretxingudi.eus\/es\/wp-json\/wp\/v2\/posts\/1166","targetHints":{"allow":["GET"]}}],"collection":[{"href":"https:\/\/laboretxingudi.eus\/es\/wp-json\/wp\/v2\/posts"}],"about":[{"href":"https:\/\/laboretxingudi.eus\/es\/wp-json\/wp\/v2\/types\/post"}],"author":[{"embeddable":true,"href":"https:\/\/laboretxingudi.eus\/es\/wp-json\/wp\/v2\/users\/1"}],"replies":[{"embeddable":true,"href":"https:\/\/laboretxingudi.eus\/es\/wp-json\/wp\/v2\/comments?post=1166"}],"version-history":[{"count":51,"href":"https:\/\/laboretxingudi.eus\/es\/wp-json\/wp\/v2\/posts\/1166\/revisions"}],"predecessor-version":[{"id":1924,"href":"https:\/\/laboretxingudi.eus\/es\/wp-json\/wp\/v2\/posts\/1166\/revisions\/1924"}],"wp:attachment":[{"href":"https:\/\/laboretxingudi.eus\/es\/wp-json\/wp\/v2\/media?parent=1166"}],"wp:term":[{"taxonomy":"category","embeddable":true,"href":"https:\/\/laboretxingudi.eus\/es\/wp-json\/wp\/v2\/categories?post=1166"},{"taxonomy":"post_tag","embeddable":true,"href":"https:\/\/laboretxingudi.eus\/es\/wp-json\/wp\/v2\/tags?post=1166"}],"curies":[{"name":"wp","href":"https:\/\/api.w.org\/{rel}","templated":true}]}}